{"id":2441,"date":"2025-11-27T18:02:42","date_gmt":"2025-11-27T17:02:42","guid":{"rendered":"http:\/\/www.parklomza.pl\/?p=2441"},"modified":"2025-11-27T18:02:42","modified_gmt":"2025-11-27T17:02:42","slug":"panele-ekspertow-4-cyklu-hub-of-talents-3-trwaja-od-25-do-27-listopada","status":"publish","type":"post","link":"http:\/\/www.parklomza.pl\/?p=2441","title":{"rendered":"Panele Ekspert\u00f3w 4. cyklu Hub of Talents 3 \u2013 trwaj\u0105 od 25 do 27 listopada!"},"content":{"rendered":"<section class=\"template template-title newstitle vertical-padding-1 layout-standard \">\n<div class=\"content\">\n<h3 class=\"intro \">Rozpocz\u0119\u0142y si\u0119 Panele Ekspert\u00f3w do 4. cyklu inkubacji Platformy Startowej Hub of Talents 3. Od 25 do 27 listopada 45 pomys\u0142odawc\u00f3w prezentuje swoje innowacyjne projekty przed komisj\u0105 ekspert\u00f3w, walcz\u0105c o miejsce w inkubacji.<\/h3>\n<\/div>\n<\/section>\n<section class=\"template template-text text3 vertical-padding-0 layout-\">\n<div class=\"content\">\n<p class=\"text \">Panele odbywaj\u0105 si\u0119 w formule online, za po\u015brednictwem \u015brodk\u00f3w komunikacji elektronicznej. Udzia\u0142 w prezentacji jest obowi\u0105zkowy \u2014 nieobecno\u015b\u0107 G\u0142\u00f3wnego Pomys\u0142odawcy oznacza odrzucenie wniosku.<\/p>\n<p>Ka\u017cdy uczestnik ma do dyspozycji 5 minut na przedstawienie pomys\u0142u oraz 10 minut na odpowiedzi na pytania. Kr\u00f3tki czas, du\u017ca intensywno\u015b\u0107 i maksimum koncentracji \u2013 tutaj liczy si\u0119 ka\u017cda sekunda.<\/p>\n<\/div>\n<\/section>\n<section class=\"template template-text text2 vertical-padding-0 layout-\">\n<div class=\"content\">\n<h2 class=\"title \">Co oceniaj\u0105 eksperci i ile punkt\u00f3w mo\u017cna uzyska\u0107?<\/h2>\n<h3 class=\"subtitle \">Eksperci przyznaj\u0105 punkty w pi\u0119ciu kategoriach:<\/h3>\n<ul>\n<li>innowacyjno\u015b\u0107 projektu (0\u20137 pkt)<\/li>\n<li>op\u0142acalno\u015b\u0107 i potencja\u0142 biznesowy\u00a0 (0-2 pkt)<\/li>\n<li>zapotrzebowanie rynkowe\u00a0 (0-2 pkt)<\/li>\n<li>kompetencje i kompletno\u015b\u0107 zespo\u0142u (0-2 pkt)<\/li>\n<li>zgodno\u015b\u0107 z Regionaln\u0105 Inteligentn\u0105 Specjalizacj\u0105 (RIS) (0-2 pkt)<\/li>\n<\/ul>\n<p>Dodatkowy 1 punkt otrzymuj\u0105 pomys\u0142y z bran\u017cy metalowo-maszynowej.<\/p>\n<\/div>\n<\/section>\n<section class=\"template template-text text1 vertical-padding-1 layout-\">\n<div class=\"content\">\n<h2 class=\"title \">Co dalej?<\/h2>\n<p class=\"text \">Po zako\u0144czeniu wszystkich prezentacji oraz podliczeniu punkt\u00f3w opublikowana zostanie lista rankingowa.<br data-start=\"1448\" data-end=\"1451\" \/><b>Do inkubacji zakwalifikuje si\u0119 25 najwy\u017cej ocenionych projekt\u00f3w<\/b>, a pozosta\u0142e trafi\u0105 na list\u0119 rezerwow\u0105.<\/p>\n<\/div>\n<\/section>\n<section class=\"template template-text text1 vertical-padding-1 layout-\">\n<div class=\"content\">\n<h2 class=\"title \">Wa\u017cne przypomnienie<\/h2>\n<p class=\"text \">Nieobecno\u015b\u0107 podczas prezentacji lub problemy techniczne uniemo\u017cliwiaj\u0105ce jej przeprowadzenie powoduje odrzucenie wniosku i nie przys\u0142uguje od tego odwo\u0142anie. Dla uczestnik\u00f3w to jedyna szansa, by przej\u015b\u0107 do kolejnego etapu.<\/p>\n<\/div>\n<\/section>\n<section class=\"template template-text text3 vertical-padding-0 layout-\">\n<div class=\"content\">\n<p class=\"text \">Trzymamy kciuki za wszystkich pomys\u0142odawc\u00f3w, kt\u00f3rzy prezentuj\u0105 swoje koncepcje i walcz\u0105 o udzia\u0142 w inkubacji!<\/p>\n<\/div>\n<\/section>\n","protected":false},"excerpt":{"rendered":"<p>Rozpocz\u0119\u0142y si\u0119 Panele Ekspert\u00f3w do 4. cyklu inkubacji Platformy Startowej Hub of Talents 3. Od 25 do 27 [&hellip;]<\/p>\n","protected":false},"author":1,"featured_media":2442,"comment_status":"open","ping_status":"open","sticky":false,"template":"","format":"standard","meta":{"content-type":"","footnotes":""},"categories":[28,31],"tags":[],"class_list":["post-2441","post","type-post","status-publish","format-standard","has-post-thumbnail","hentry","category-aktualnosci","category-hub3"],"acf":[],"yoast_head":"<!-- This site is optimized with the Yoast SEO plugin v20.8 - https:\/\/yoast.com\/wordpress\/plugins\/seo\/ -->\n<title>Panele Ekspert\u00f3w 4. cyklu Hub of Talents 3 \u2013 trwaj\u0105 od 25 do 27 listopada! - Park Przemys\u0142owy \u0141om\u017ca Sp. z o.o.<\/title>\n<meta name=\"robots\" content=\"index, follow, max-snippet:-1, max-image-preview:large, max-video-preview:-1\" \/>\n<link rel=\"canonical\" href=\"http:\/\/www.parklomza.pl\/?p=2441\" \/>\n<meta property=\"og:locale\" content=\"pl_PL\" \/>\n<meta property=\"og:type\" content=\"article\" \/>\n<meta property=\"og:title\" content=\"Panele Ekspert\u00f3w 4. cyklu Hub of Talents 3 \u2013 trwaj\u0105 od 25 do 27 listopada! - Park Przemys\u0142owy \u0141om\u017ca Sp. z o.o.\" \/>\n<meta property=\"og:description\" content=\"Rozpocz\u0119\u0142y si\u0119 Panele Ekspert\u00f3w do 4. cyklu inkubacji Platformy Startowej Hub of Talents 3. Od 25 do 27 [&hellip;]\" \/>\n<meta property=\"og:url\" content=\"http:\/\/www.parklomza.pl\/?p=2441\" \/>\n<meta property=\"og:site_name\" content=\"Park Przemys\u0142owy \u0141om\u017ca Sp. z o.o.\" \/>\n<meta property=\"article:published_time\" content=\"2025-11-27T17:02:42+00:00\" \/>\n<meta property=\"og:image\" content=\"http:\/\/www.parklomza.pl\/wp-content\/uploads\/2025\/11\/baner_bpnt_panele_ekspertow_4cykl_jpg.jpg\" \/>\n\t<meta property=\"og:image:width\" content=\"1000\" \/>\n\t<meta property=\"og:image:height\" content=\"562\" \/>\n\t<meta property=\"og:image:type\" content=\"image\/jpeg\" \/>\n<meta name=\"author\" content=\"ppl\" \/>\n<meta name=\"twitter:card\" content=\"summary_large_image\" \/>\n<meta name=\"twitter:label1\" content=\"Napisane przez\" \/>\n\t<meta name=\"twitter:data1\" content=\"ppl\" \/>\n\t<meta name=\"twitter:label2\" content=\"Szacowany czas czytania\" \/>\n\t<meta name=\"twitter:data2\" content=\"2 minuty\" \/>\n<script type=\"application\/ld+json\" class=\"yoast-schema-graph\">{\"@context\":\"https:\/\/schema.org\",\"@graph\":[{\"@type\":\"WebPage\",\"@id\":\"http:\/\/www.parklomza.pl\/?p=2441\",\"url\":\"http:\/\/www.parklomza.pl\/?p=2441\",\"name\":\"Panele Ekspert\u00f3w 4. cyklu Hub of Talents 3 \u2013 trwaj\u0105 od 25 do 27 listopada! - Park Przemys\u0142owy \u0141om\u017ca Sp. z o.o.\",\"isPartOf\":{\"@id\":\"http:\/\/www.parklomza.pl\/#website\"},\"datePublished\":\"2025-11-27T17:02:42+00:00\",\"dateModified\":\"2025-11-27T17:02:42+00:00\",\"author\":{\"@id\":\"http:\/\/www.parklomza.pl\/#\/schema\/person\/6fb1cb7790320aaed353acb8872184f5\"},\"breadcrumb\":{\"@id\":\"http:\/\/www.parklomza.pl\/?p=2441#breadcrumb\"},\"inLanguage\":\"pl-PL\",\"potentialAction\":[{\"@type\":\"ReadAction\",\"target\":[\"http:\/\/www.parklomza.pl\/?p=2441\"]}]},{\"@type\":\"BreadcrumbList\",\"@id\":\"http:\/\/www.parklomza.pl\/?p=2441#breadcrumb\",\"itemListElement\":[{\"@type\":\"ListItem\",\"position\":1,\"name\":\"Strona g\u0142\u00f3wna\",\"item\":\"http:\/\/www.parklomza.pl\/\"},{\"@type\":\"ListItem\",\"position\":2,\"name\":\"Panele Ekspert\u00f3w 4. cyklu Hub of Talents 3 \u2013 trwaj\u0105 od 25 do 27 listopada!\"}]},{\"@type\":\"WebSite\",\"@id\":\"http:\/\/www.parklomza.pl\/#website\",\"url\":\"http:\/\/www.parklomza.pl\/\",\"name\":\"Park Przemys\u0142owy \u0141om\u017ca Sp. z o.o.\",\"description\":\"\",\"potentialAction\":[{\"@type\":\"SearchAction\",\"target\":{\"@type\":\"EntryPoint\",\"urlTemplate\":\"http:\/\/www.parklomza.pl\/?s={search_term_string}\"},\"query-input\":\"required name=search_term_string\"}],\"inLanguage\":\"pl-PL\"},{\"@type\":\"Person\",\"@id\":\"http:\/\/www.parklomza.pl\/#\/schema\/person\/6fb1cb7790320aaed353acb8872184f5\",\"name\":\"ppl\",\"image\":{\"@type\":\"ImageObject\",\"inLanguage\":\"pl-PL\",\"@id\":\"http:\/\/www.parklomza.pl\/#\/schema\/person\/image\/\",\"url\":\"https:\/\/secure.gravatar.com\/avatar\/4b64a83a73bb55d39ad17288a9f5cdfc451c5e91fdffec6d2d96095d09bf3978?s=96&d=mm&r=g\",\"contentUrl\":\"https:\/\/secure.gravatar.com\/avatar\/4b64a83a73bb55d39ad17288a9f5cdfc451c5e91fdffec6d2d96095d09bf3978?s=96&d=mm&r=g\",\"caption\":\"ppl\"},\"sameAs\":[\"http:\/\/www.parklomza.pl\"],\"url\":\"http:\/\/www.parklomza.pl\/?author=1\"}]}<\/script>\n<!-- \/ Yoast SEO plugin. -->","yoast_head_json":{"title":"Panele Ekspert\u00f3w 4. cyklu Hub of Talents 3 \u2013 trwaj\u0105 od 25 do 27 listopada! - Park Przemys\u0142owy \u0141om\u017ca Sp. z o.o.","robots":{"index":"index","follow":"follow","max-snippet":"max-snippet:-1","max-image-preview":"max-image-preview:large","max-video-preview":"max-video-preview:-1"},"canonical":"http:\/\/www.parklomza.pl\/?p=2441","og_locale":"pl_PL","og_type":"article","og_title":"Panele Ekspert\u00f3w 4. cyklu Hub of Talents 3 \u2013 trwaj\u0105 od 25 do 27 listopada! - Park Przemys\u0142owy \u0141om\u017ca Sp. z o.o.","og_description":"Rozpocz\u0119\u0142y si\u0119 Panele Ekspert\u00f3w do 4. cyklu inkubacji Platformy Startowej Hub of Talents 3. Od 25 do 27 [&hellip;]","og_url":"http:\/\/www.parklomza.pl\/?p=2441","og_site_name":"Park Przemys\u0142owy \u0141om\u017ca Sp. z o.o.","article_published_time":"2025-11-27T17:02:42+00:00","og_image":[{"width":1000,"height":562,"url":"http:\/\/www.parklomza.pl\/wp-content\/uploads\/2025\/11\/baner_bpnt_panele_ekspertow_4cykl_jpg.jpg","type":"image\/jpeg"}],"author":"ppl","twitter_card":"summary_large_image","twitter_misc":{"Napisane przez":"ppl","Szacowany czas czytania":"2 minuty"},"schema":{"@context":"https:\/\/schema.org","@graph":[{"@type":"WebPage","@id":"http:\/\/www.parklomza.pl\/?p=2441","url":"http:\/\/www.parklomza.pl\/?p=2441","name":"Panele Ekspert\u00f3w 4. cyklu Hub of Talents 3 \u2013 trwaj\u0105 od 25 do 27 listopada! - Park Przemys\u0142owy \u0141om\u017ca Sp. z o.o.","isPartOf":{"@id":"http:\/\/www.parklomza.pl\/#website"},"datePublished":"2025-11-27T17:02:42+00:00","dateModified":"2025-11-27T17:02:42+00:00","author":{"@id":"http:\/\/www.parklomza.pl\/#\/schema\/person\/6fb1cb7790320aaed353acb8872184f5"},"breadcrumb":{"@id":"http:\/\/www.parklomza.pl\/?p=2441#breadcrumb"},"inLanguage":"pl-PL","potentialAction":[{"@type":"ReadAction","target":["http:\/\/www.parklomza.pl\/?p=2441"]}]},{"@type":"BreadcrumbList","@id":"http:\/\/www.parklomza.pl\/?p=2441#breadcrumb","itemListElement":[{"@type":"ListItem","position":1,"name":"Strona g\u0142\u00f3wna","item":"http:\/\/www.parklomza.pl\/"},{"@type":"ListItem","position":2,"name":"Panele Ekspert\u00f3w 4. cyklu Hub of Talents 3 \u2013 trwaj\u0105 od 25 do 27 listopada!"}]},{"@type":"WebSite","@id":"http:\/\/www.parklomza.pl\/#website","url":"http:\/\/www.parklomza.pl\/","name":"Park Przemys\u0142owy \u0141om\u017ca Sp. z o.o.","description":"","potentialAction":[{"@type":"SearchAction","target":{"@type":"EntryPoint","urlTemplate":"http:\/\/www.parklomza.pl\/?s={search_term_string}"},"query-input":"required name=search_term_string"}],"inLanguage":"pl-PL"},{"@type":"Person","@id":"http:\/\/www.parklomza.pl\/#\/schema\/person\/6fb1cb7790320aaed353acb8872184f5","name":"ppl","image":{"@type":"ImageObject","inLanguage":"pl-PL","@id":"http:\/\/www.parklomza.pl\/#\/schema\/person\/image\/","url":"https:\/\/secure.gravatar.com\/avatar\/4b64a83a73bb55d39ad17288a9f5cdfc451c5e91fdffec6d2d96095d09bf3978?s=96&d=mm&r=g","contentUrl":"https:\/\/secure.gravatar.com\/avatar\/4b64a83a73bb55d39ad17288a9f5cdfc451c5e91fdffec6d2d96095d09bf3978?s=96&d=mm&r=g","caption":"ppl"},"sameAs":["http:\/\/www.parklomza.pl"],"url":"http:\/\/www.parklomza.pl\/?author=1"}]}},"_links":{"self":[{"href":"http:\/\/www.parklomza.pl\/index.php?rest_route=\/wp\/v2\/posts\/2441","targetHints":{"allow":["GET"]}}],"collection":[{"href":"http:\/\/www.parklomza.pl\/index.php?rest_route=\/wp\/v2\/posts"}],"about":[{"href":"http:\/\/www.parklomza.pl\/index.php?rest_route=\/wp\/v2\/types\/post"}],"author":[{"embeddable":true,"href":"http:\/\/www.parklomza.pl\/index.php?rest_route=\/wp\/v2\/users\/1"}],"replies":[{"embeddable":true,"href":"http:\/\/www.parklomza.pl\/index.php?rest_route=%2Fwp%2Fv2%2Fcomments&post=2441"}],"version-history":[{"count":1,"href":"http:\/\/www.parklomza.pl\/index.php?rest_route=\/wp\/v2\/posts\/2441\/revisions"}],"predecessor-version":[{"id":2443,"href":"http:\/\/www.parklomza.pl\/index.php?rest_route=\/wp\/v2\/posts\/2441\/revisions\/2443"}],"wp:featuredmedia":[{"embeddable":true,"href":"http:\/\/www.parklomza.pl\/index.php?rest_route=\/wp\/v2\/media\/2442"}],"wp:attachment":[{"href":"http:\/\/www.parklomza.pl\/index.php?rest_route=%2Fwp%2Fv2%2Fmedia&parent=2441"}],"wp:term":[{"taxonomy":"category","embeddable":true,"href":"http:\/\/www.parklomza.pl\/index.php?rest_route=%2Fwp%2Fv2%2Fcategories&post=2441"},{"taxonomy":"post_tag","embeddable":true,"href":"http:\/\/www.parklomza.pl\/index.php?rest_route=%2Fwp%2Fv2%2Ftags&post=2441"}],"curies":[{"name":"wp","href":"https:\/\/api.w.org\/{rel}","templated":true}]}}